{"id":2034,"date":"2021-10-12T12:36:28","date_gmt":"2021-10-12T15:36:28","guid":{"rendered":"https:\/\/veganoya.com\/blog\/?p=2034"},"modified":"2025-08-05T13:58:29","modified_gmt":"2025-08-05T16:58:29","slug":"darse-de-baja-en-autonomos-de-forma-online","status":"publish","type":"post","link":"https:\/\/veganoya.com\/blog\/darse-de-baja-en-autonomos-de-forma-online\/","title":{"rendered":"Darse de baja en aut\u00f3nomos de forma ONLINE"},"content":{"rendered":"\n<p>En su momento escrib\u00ed un post detallado de <a href=\"https:\/\/veganoya.com\/blog\/darse-de-alta-en-autonomos-de-forma-online\/\" data-type=\"post\" data-id=\"1822\">como darse de alta en aut\u00f3nomos de forma online<\/a>, as\u00ed que por supuesto ten\u00eda que tener su contrapartida. Hoy les comparto el paso a paso para darse de baja en aut\u00f3nomos de forma online y sin la necesidad de pagarle a un gestor!<br>(A Nov 2023 este tr\u00e1mite que consta de 2 pasos tiene un valor total de 130 euros)<\/p>\n\n\n\n<p>El tr\u00e1mite de Darse de Baja en Aut\u00f3nomos se divide en dos partes como les comentaba reci\u00e9n, la baja en la Seguridad Social y la baja en la Agencia Tributaria. Todo se puede hacer de forma telem\u00e1tica (online) con el <a href=\"https:\/\/veganoya.com\/blog\/sacar-certificado-digital-instructivo\/\" data-type=\"post\" data-id=\"1748\">Certificado Digital o Electr\u00f3nico.<\/a><\/p>\n\n\n\n<p>La baja en Seguridad Social se puede programar hasta 60 d\u00edas antes del fin de la actividad o solicitarla hasta los 3 d\u00edas siguientes. Si comunicas la baja m\u00e1s tarde, se considerar\u00e1 que la fecha de baja ser\u00e1 el \u00faltimo d\u00eda del mes de la finalizaci\u00f3n de la actividad. Al final de mes solo te cargar\u00e1n la parte de la cuota que corresponda hasta el d\u00eda de efectos de la baja. <strong>Ahora para&nbsp;solicitar la baja en Hacienda&nbsp;tienes un plazo de&nbsp;un mes previo al cese de actividad&nbsp;o a la disoluci\u00f3n de la actividad.<\/strong> El margen es amplio, pero totalmente opuesto al de la Seguridad Social.<\/p>\n\n\n\n<p>Y te dejo una data: se puede solicitar la baja en fecha correspondiente al cese de actividades hasta tres veces al a\u00f1o. Si solicitas m\u00e1s \u00abbajas\u00bb, el resto siempre se trasladar\u00e1 al \u00faltimo d\u00eda del mes en el que tenga lugar el cese de la actividad, oblig\u00e1ndote a pagar la cuota de aut\u00f3nomo del mes al completo.<\/p>\n\n\n\n<p><div class=\"adsense-post\">\n\t\t<script async src=\"\/\/pagead2.googlesyndication.com\/pagead\/js\/adsbygoogle.js\"><\/script>\n\t\t<ins class=\"adsbygoogle\"\n\t\t     style=\"display:block; text-align:center;\"\n\t\t     data-ad-layout=\"in-article\"\n\t\t     data-ad-format=\"fluid\"\n\t\t     data-ad-client=\"ca-pub-9965753266003485\"\n\t\t     data-ad-slot=\"8352202704\"><\/ins>\n\t\t<script>\n\t\t     (adsbygoogle = window.adsbygoogle || []).push({});\n\t\t<\/script><\/div><\/p>\n\n\n\n<h2 class=\"wp-block-heading\">Darse de Baja de Aut\u00f3nomos: Seguridad Social<\/h2>\n\n\n\n<p><br>Como les explicaba este tr\u00e1mite consta de dos partes, arranquemos con la primera. Darse de baja en Seguridad Social. Para eso vamos a entrar a la web de la Seguridad Social, <a rel=\"noreferrer noopener\" href=\"https:\/\/www.seg-social.es\/wps\/portal\/wss\/internet\/Inicio\" data-type=\"URL\" data-id=\"https:\/\/www.seg-social.es\/wps\/portal\/wss\/internet\/Inicio\" target=\"_blank\">aqu\u00ed<\/a>, y haremos click a la derecha donde dice <em>\u00abSede Electr\u00f3nica\u00bb.<\/em> Luego arriba donde dice EMPRESAS, clickeamos en <em>\u00abAfiliaci\u00f3n, Inscripci\u00f3n y Modificaciones\u00bb<\/em><\/p>\n\n\n\n<p>Y en la lista buscamos<em> \u00abBaja en trabajo aut\u00f3nomo\u00bb<\/em> y hacemos click en \u00abObtener acceso\u00bb.<\/p>\n\n\n<div class=\"wp-block-image\">\n<figure class=\"aligncenter size-large is-resized\"><img loading=\"lazy\" decoding=\"async\" width=\"427\" height=\"304\" src=\"https:\/\/veganoya.com\/blog\/wp-content\/uploads\/2021\/10\/Captura-de-pantalla-de-2023-10-31-15-57-25-e1698764638616.png\" alt=\"\" class=\"wp-image-3093\" style=\"width:302px;height:215px\"\/><\/figure><\/div>\n\n\n<p>Nos abrir\u00e1 otra pantalla y haremos click en <em>\u00abSolicitar baja\u00bb<\/em>, y luego <em>\u00abDNIe o Certificado\u00bb<\/em> para entrar con certificado digital. Una vez dentro nos preguntara algunas cosas:<\/p>\n\n\n\n<figure class=\"wp-block-image size-large\"><img loading=\"lazy\" decoding=\"async\" width=\"1024\" height=\"941\" src=\"https:\/\/veganoya.com\/blog\/wp-content\/uploads\/2021\/10\/Captura-de-pantalla-de-2023-10-31-16-09-18-1024x941.png\" alt=\"\" class=\"wp-image-3094\" srcset=\"https:\/\/veganoya.com\/blog\/wp-content\/uploads\/2021\/10\/Captura-de-pantalla-de-2023-10-31-16-09-18-1024x941.png 1024w, https:\/\/veganoya.com\/blog\/wp-content\/uploads\/2021\/10\/Captura-de-pantalla-de-2023-10-31-16-09-18-300x276.png 300w, https:\/\/veganoya.com\/blog\/wp-content\/uploads\/2021\/10\/Captura-de-pantalla-de-2023-10-31-16-09-18-768x706.png 768w, https:\/\/veganoya.com\/blog\/wp-content\/uploads\/2021\/10\/Captura-de-pantalla-de-2023-10-31-16-09-18-600x551.png 600w, https:\/\/veganoya.com\/blog\/wp-content\/uploads\/2021\/10\/Captura-de-pantalla-de-2023-10-31-16-09-18.png 1058w\" sizes=\"auto, (max-width: 1024px) 100vw, 1024px\" \/><\/figure>\n\n\n\n<p>Es importante el por qu\u00e9 del cese de la actividad&#8230; el por qu\u00e9 de la baja ya que (cito)<em> \u00abSi la baja es por motivos econ\u00f3micos, t\u00e9cnicos, productivos u organizativos, causas de fuerza mayor, p\u00e9rdida de licencia administrativa, violencia de g\u00e9nero y divorcio o acuerdo de separaci\u00f3n matrimonial tendr\u00e1s derecho al paro de aut\u00f3nomos. Pero si la baja es voluntaria no tendr\u00e1s acceso a esta prestaci\u00f3n.\u00bb<\/em>  <br>Les dejo m\u00e1s data <a rel=\"noreferrer noopener\" href=\"https:\/\/www.infoautonomos.com\/seguridad-social\/como-acreditar-el-cese-de-actividad-de-un-autonomo\/\" data-type=\"URL\" data-id=\"https:\/\/www.infoautonomos.com\/seguridad-social\/como-acreditar-el-cese-de-actividad-de-un-autonomo\/\" target=\"_blank\">en este link<\/a>, no es un tema que maneje al 100% as\u00ed que les recomiendo que lean y elijan seg\u00fan su situaci\u00f3n. En nuestro caso elegimos \u00abcese de actividad\u00bb porque hicimos un traspaso del negocio que teniamos.<\/p>\n\n\n\n<p><div class=\"adsense-post\">\n\t\t<script async src=\"\/\/pagead2.googlesyndication.com\/pagead\/js\/adsbygoogle.js\"><\/script>\n\t\t<ins class=\"adsbygoogle\"\n\t\t     style=\"display:block; text-align:center;\"\n\t\t     data-ad-layout=\"in-article\"\n\t\t     data-ad-format=\"fluid\"\n\t\t     data-ad-client=\"ca-pub-9965753266003485\"\n\t\t     data-ad-slot=\"8352202704\"><\/ins>\n\t\t<script>\n\t\t     (adsbygoogle = window.adsbygoogle || []).push({});\n\t\t<\/script><\/div><\/p>\n\n\n\n<p>Al continuar a la pantalla siguiente lo que ver\u00e1n es info sobre su Actividad Econ\u00f3mica con data que Uds dieron previamente, al momento de darse de alta. Y en nuestro caso nos aclara: <strong><em>\u00abAl estar de alta en&nbsp;Hacienda (IAE), tambi\u00e9n tendr\u00e1s que comunicarles tu fecha de baja.\u00bb<\/em><\/strong><\/p>\n\n\n\n<p>Luego le dan a <em>\u00abContinuar\u00bb<\/em> y les aparece un resume de la causa y fecha de baja as\u00ed como tambi\u00e9n la data que vieron en la pantalla anterior.<br>Hacen click en <em>\u00abDoy mi conformidad a los datos que se han mostrado&#8230;\u00bb<\/em> y click en <em>\u00abfirmar y solicitar baja\u00bb<\/em>.<\/p>\n\n\n\n<p>Y luego les aparecer\u00e1 este recuadro<\/p>\n\n\n\n<figure class=\"wp-block-image size-large\"><img loading=\"lazy\" decoding=\"async\" width=\"887\" height=\"423\" src=\"https:\/\/veganoya.com\/blog\/wp-content\/uploads\/2023\/10\/Captura-de-pantalla-de-2023-10-31-16-59-33.png\" alt=\"\" class=\"wp-image-3097\" srcset=\"https:\/\/veganoya.com\/blog\/wp-content\/uploads\/2023\/10\/Captura-de-pantalla-de-2023-10-31-16-59-33.png 887w, https:\/\/veganoya.com\/blog\/wp-content\/uploads\/2023\/10\/Captura-de-pantalla-de-2023-10-31-16-59-33-300x143.png 300w, https:\/\/veganoya.com\/blog\/wp-content\/uploads\/2023\/10\/Captura-de-pantalla-de-2023-10-31-16-59-33-768x366.png 768w, https:\/\/veganoya.com\/blog\/wp-content\/uploads\/2023\/10\/Captura-de-pantalla-de-2023-10-31-16-59-33-600x286.png 600w\" sizes=\"auto, (max-width: 887px) 100vw, 887px\" \/><\/figure>\n\n\n\n<p>Recomiendo descargar el documento que acredita la baja.<\/p>\n\n\n\n<h2 class=\"wp-block-heading\">Darse de Baja de Aut\u00f3nomos: Agencia Tributaria<\/h2>\n\n\n\n<p>Vamos con un paso a paso para la segunda parte de esta baja, que es darse de baja presentando el modelo 037.<\/p>\n\n\n\n<ol class=\"wp-block-list\">\n<li>Entrar a la web de la Agencia Tributaria, <a data-type=\"URL\" data-id=\"https:\/\/www.agenciatributaria.es\/\" href=\"https:\/\/www.agenciatributaria.es\/\" target=\"_blank\" rel=\"noreferrer noopener\">aqu\u00ed<\/a>.<\/li>\n\n\n\n<li>En el buscador que figura arriba a la derecha buscamos 037, que es el formulario que vamos a rellenar. O hacemos <a data-type=\"URL\" data-id=\"https:\/\/www.agenciatributaria.gob.es\/AEAT.sede\/procedimientoini\/G322.shtml\" href=\"https:\/\/www.agenciatributaria.gob.es\/AEAT.sede\/procedimientoini\/G322.shtml\" target=\"_blank\" rel=\"noreferrer noopener\">click ac\u00e1<\/a>.<\/li>\n\n\n\n<li>Elegimos la opci\u00f3n <em>\u00abCumplimentaci\u00f3n y Presentaci\u00f3n Telem\u00e1tica\u00bb.<\/em><\/li>\n\n\n\n<li>Cambia la pantalla y clickeamos donde dice <em>\u00abAcceda con certificado o DNI electr\u00f3nico\u00bb.<\/em> Y elegimos el certificado que tenemos instalado.<\/li>\n\n\n\n<li>Cambia la pantalla y rellenamos con nuestros datos <em>(\u00abDatos Identificativos\u00bb).<\/em><\/li>\n\n\n\n<li>Elegimos la opci\u00f3n <strong>C) BAJA. <\/strong><\/li>\n\n\n\n<li>Clickeamos el 150.<\/li>\n\n\n\n<li>Elegimos en el 151 <em>\u00abCausa\u00bb: <strong>\u00abCese de Actividades Empresariales y Profesionales\u00bb.<\/strong><\/em><\/li>\n\n\n\n<li>En el 152: Colocamos la <em>\u00abFecha Efectiva de la Baja\u00bb <\/em>(la pusimos ya antes en la Seguridad Social).<\/li>\n\n\n\n<li>Vamos hasta abajo de todo, casi casi al final donde dice <strong><em>\u00abLugar, fecha y firma\u00bb<\/em><\/strong>. Completamos: en nuestro caso <em>\u00abLugar\u00bb: <strong>Barcelona.<\/strong><\/em> <em>\u00abFirma en calidad de\u00bb: <strong>Interesado.<\/strong><\/em> En \u00ab<em>Firmado<\/em>\u00bb colocan su nombre completo.<\/li>\n\n\n\n<li>Volvemos arriba de todo y cerca de la derecha encontramos el bot\u00f3n ENVIAR. Hacemos click. <\/li>\n\n\n\n<li>Nos aparece una ventana emergente, marcamos la casilla que dice <em>\u00abConforme\u00bb.<\/em> Y luego <em>\u00abFirmar y Enviar\u00bb.<\/em><\/li>\n\n\n\n<li>\u00a1Y listo! Nos genera un pdf. (Guardenlo!)<\/li>\n<\/ol>\n\n\n<div class=\"wp-block-image\">\n<figure class=\"aligncenter size-large is-resized\"><img loading=\"lazy\" decoding=\"async\" width=\"1024\" height=\"659\" src=\"https:\/\/veganoya.com\/blog\/wp-content\/uploads\/2021\/10\/Captura-de-pantalla-de-2023-10-31-16-48-25-1024x659.png\" alt=\"\" class=\"wp-image-3098\" style=\"width:686px;height:441px\"\/><\/figure><\/div>\n\n\n<p>El resultado de una presentaci\u00f3n correcta de un modelo 037 ser\u00e1 una hoja respuesta en la que aparezca el texto <strong>\u00abSu presentaci\u00f3n ha sido realizada con \u00e9xito\u00bb con un&nbsp;PDF&nbsp;incrustado que contiene una primera hoja con la informaci\u00f3n de la presentaci\u00f3n<\/strong> (n\u00famero de entrada de registro, C\u00f3digo Seguro de Verificaci\u00f3n, n\u00famero de justificante, d\u00eda y hora de presentaci\u00f3n y datos del presentador) y, en las p\u00e1ginas posteriores, la copia completa de la declaraci\u00f3n.<\/p>\n\n\n\n<p><strong>As\u00ed de simple es Darse de Baja en Aut\u00f3nomos<\/strong>. Espero que este y todos los posts que hago de como emigrar y vivir en Barcelona les sirvan! Leo sus comentarios siempre, as\u00ed que cualquier duda pueden escribirme por ac\u00e1, tengan en cuenta que si necesitan ayuda extra pueden agendar una videollamada conmigo \ud83d\ude42 para consultas varias de vivir en Barcelona, emigrar o de tramites. Escribanme por ac\u00e1 o por <a href=\"https:\/\/www.instagram.com\/vivirmemola\" data-type=\"URL\" data-id=\"https:\/\/www.instagram.com\/vivirmemola\" target=\"_blank\" rel=\"noreferrer noopener\">instagram!<\/a><\/p>\n\n\n\n<p>Y por supuesto si quieren pueden seguirnos en redes sociales: <a data-type=\"URL\" data-id=\"http:\/\/instagram.com\/vivirmemola\" href=\"http:\/\/instagram.com\/vivirmemola\" target=\"_blank\" rel=\"noreferrer noopener\">Vivir Me Mola<\/a>, a novio en <a data-type=\"URL\" data-id=\"https:\/\/www.instagram.com\/iosonomauri\/\" href=\"https:\/\/www.instagram.com\/iosonomauri\/\" target=\"_blank\" rel=\"noreferrer noopener\">IosonoMauri<\/a> y en su canal de Youtube <a data-type=\"URL\" data-id=\"https:\/\/www.youtube.com\/iosonomauri\" href=\"https:\/\/www.youtube.com\/iosonomauri\" target=\"_blank\" rel=\"noreferrer noopener\">aqu\u00ed.<\/a> Y si quieren dar un paso extra nos hicimos un <a data-type=\"URL\" data-id=\"https:\/\/cafecito.app\/vivirmemola\" href=\"https:\/\/cafecito.app\/vivirmemola\" target=\"_blank\" rel=\"noreferrer noopener\">cafecito en pesos<\/a> y un <a data-type=\"URL\" data-id=\"https:\/\/ko-fi.com\/vivirmemolaok\" href=\"https:\/\/ko-fi.com\/vivirmemolaok\" target=\"_blank\" rel=\"noreferrer noopener\">ko-fi en euros<\/a> para mantener servidores, el pago es un aporte \u00daNICO. Gracias! \ud83d\ude42<\/p>\n\n\n\n<p><\/p>\n","protected":false},"excerpt":{"rendered":"<p>En su momento escrib\u00ed un post detallado de como darse de alta en aut\u00f3nomos de forma online, as\u00ed que por supuesto ten\u00eda que tener su contrapartida. Hoy les comparto el paso a paso para darse de baja en aut\u00f3nomos de forma online y sin la necesidad de pagarle a un gestor!(A Nov 2023 este tr\u00e1mite que consta de 2 pasos tiene un valor total de 130 euros) El tr\u00e1mite de Darse de Baja en Aut\u00f3nomos se divide en dos partes como les comentaba reci\u00e9n, la baja en la Seguridad Social y la baja en la Agencia Tributaria. Todo se puede hacer de forma telem\u00e1tica (online) con el Certificado Digital o Electr\u00f3nico. La baja en Seguridad Social se puede programar hasta 60 d\u00edas antes del fin de la actividad o solicitarla hasta los 3 d\u00edas siguientes. Si comunicas la baja m\u00e1s tarde, se considerar\u00e1 que la fecha de baja ser\u00e1 el \u00faltimo d\u00eda del mes de la finalizaci\u00f3n de la actividad. Al final de mes solo te cargar\u00e1n la parte de la cuota que corresponda hasta el d\u00eda de efectos de la baja. Ahora para&nbsp;solicitar la baja en Hacienda&nbsp;tienes un plazo de&nbsp;un mes previo al cese de actividad&nbsp;o a la disoluci\u00f3n de la actividad. El margen es amplio, pero totalmente opuesto al de la Seguridad Social. Y te dejo una data: se puede solicitar la baja en fecha correspondiente al cese de actividades hasta tres veces al a\u00f1o. Si solicitas m\u00e1s \u00abbajas\u00bb, el resto siempre se trasladar\u00e1 al \u00faltimo d\u00eda del mes en el que tenga lugar el cese de la actividad, oblig\u00e1ndote a pagar la cuota de aut\u00f3nomo del mes al completo. Darse de Baja de Aut\u00f3nomos: Seguridad Social Como les explicaba este tr\u00e1mite consta de dos partes, arranquemos con la primera. Darse de baja en Seguridad Social. Para eso vamos a entrar a la web de la Seguridad Social, aqu\u00ed, y haremos click a la derecha donde dice \u00abSede Electr\u00f3nica\u00bb. Luego arriba donde dice EMPRESAS, clickeamos en \u00abAfiliaci\u00f3n, Inscripci\u00f3n y Modificaciones\u00bb Y en la lista buscamos \u00abBaja en trabajo aut\u00f3nomo\u00bb y hacemos click en \u00abObtener acceso\u00bb. Nos abrir\u00e1 otra pantalla y haremos click en \u00abSolicitar baja\u00bb, y luego \u00abDNIe o Certificado\u00bb para entrar con certificado digital. Una vez dentro nos preguntara algunas cosas: Es importante el por qu\u00e9 del cese de la actividad&#8230; el por qu\u00e9 de la baja ya que (cito) \u00abSi la baja es por motivos econ\u00f3micos, t\u00e9cnicos, productivos u organizativos, causas de fuerza mayor, p\u00e9rdida de licencia administrativa, violencia de g\u00e9nero y divorcio o acuerdo de separaci\u00f3n matrimonial tendr\u00e1s derecho al paro de aut\u00f3nomos. Pero si la baja es voluntaria no tendr\u00e1s acceso a esta prestaci\u00f3n.\u00bb Les dejo m\u00e1s data en este link, no es un tema que maneje al 100% as\u00ed que les recomiendo que lean y elijan seg\u00fan su situaci\u00f3n. En nuestro caso elegimos \u00abcese de actividad\u00bb porque hicimos un traspaso del negocio que teniamos. Al continuar a la pantalla siguiente lo que ver\u00e1n es info sobre su Actividad Econ\u00f3mica con data que Uds dieron previamente, al momento de darse de alta. Y en nuestro caso nos aclara: \u00abAl estar de alta en&nbsp;Hacienda (IAE), tambi\u00e9n tendr\u00e1s que comunicarles tu fecha de baja.\u00bb Luego le dan a \u00abContinuar\u00bb y les aparece un resume de la causa y fecha de baja as\u00ed como tambi\u00e9n la data que vieron en la pantalla anterior.Hacen click en \u00abDoy mi conformidad a los datos que se han mostrado&#8230;\u00bb y click en \u00abfirmar y solicitar baja\u00bb. Y luego les aparecer\u00e1 este recuadro Recomiendo descargar el documento que acredita la baja. Darse de Baja de Aut\u00f3nomos: Agencia Tributaria Vamos con un paso a paso para la segunda parte de esta baja, que es darse de baja presentando el modelo 037. El resultado de una presentaci\u00f3n correcta de un modelo 037 ser\u00e1 una hoja respuesta en la que aparezca el texto \u00abSu presentaci\u00f3n ha sido realizada con \u00e9xito\u00bb con un&nbsp;PDF&nbsp;incrustado que contiene una primera hoja con la informaci\u00f3n de la presentaci\u00f3n (n\u00famero de entrada de registro, C\u00f3digo Seguro de Verificaci\u00f3n, n\u00famero de justificante, d\u00eda y hora de presentaci\u00f3n y datos del presentador) y, en las p\u00e1ginas posteriores, la copia completa de la declaraci\u00f3n. As\u00ed de simple es Darse de Baja en Aut\u00f3nomos. Espero que este y todos los posts que hago de como emigrar y vivir en Barcelona les sirvan! Leo sus comentarios siempre, as\u00ed que cualquier duda pueden escribirme por ac\u00e1, tengan en cuenta que si necesitan ayuda extra pueden agendar una videollamada conmigo \ud83d\ude42 para consultas varias de vivir en Barcelona, emigrar o de tramites. Escribanme por ac\u00e1 o por instagram! Y por supuesto si quieren pueden seguirnos en redes sociales: Vivir Me Mola, a novio en IosonoMauri y en su canal de Youtube aqu\u00ed. Y si quieren dar un paso extra nos hicimos un cafecito en pesos y un ko-fi en euros para mantener servidores, el pago es un aporte \u00daNICO. Gracias! \ud83d\ude42<\/p>\n","protected":false},"author":1,"featured_media":2572,"comment_status":"open","ping_status":"closed","sticky":false,"template":"","format":"standard","meta":{"footnotes":""},"categories":[23],"tags":[],"class_list":["post-2034","post","type-post","status-publish","format-standard","has-post-thumbnail","hentry","category-como-emigrar-a-espana"],"yoast_head":"<!-- This site is optimized with the Yoast SEO plugin v21.6 - https:\/\/yoast.com\/wordpress\/plugins\/seo\/ -->\n<title>Darse de baja en aut\u00f3nomos de forma ONLINE - Recetas y Vida en Barcelona<\/title>\n<meta name=\"description\" content=\"Hoy te explicamos como Darte de Baja en Aut\u00f3nomos sin la necesidad de contratar a ning\u00fan gestor, simple y desde tu casa en unos cu\u00e1ntos clicks esta hecho!\" \/>\n<meta name=\"robots\" content=\"index, follow, max-snippet:-1, max-image-preview:large, max-video-preview:-1\" \/>\n<link rel=\"canonical\" href=\"https:\/\/veganoya.com\/blog\/darse-de-baja-en-autonomos-de-forma-online\/\" \/>\n<meta property=\"og:locale\" content=\"es_ES\" \/>\n<meta property=\"og:type\" content=\"article\" \/>\n<meta property=\"og:title\" content=\"Darse de baja en aut\u00f3nomos de forma ONLINE - Recetas y Vida en Barcelona\" \/>\n<meta property=\"og:description\" content=\"Hoy te explicamos como Darte de Baja en Aut\u00f3nomos sin la necesidad de contratar a ning\u00fan gestor, simple y desde tu casa en unos cu\u00e1ntos clicks esta hecho!\" \/>\n<meta property=\"og:url\" content=\"https:\/\/veganoya.com\/blog\/darse-de-baja-en-autonomos-de-forma-online\/\" \/>\n<meta property=\"og:site_name\" content=\"Recetas y Vida en Barcelona\" \/>\n<meta property=\"article:published_time\" content=\"2021-10-12T15:36:28+00:00\" \/>\n<meta property=\"article:modified_time\" content=\"2025-08-05T16:58:29+00:00\" \/>\n<meta property=\"og:image\" content=\"https:\/\/veganoya.com\/blog\/wp-content\/uploads\/2021\/10\/Working-bro-e1634052370716.png\" \/>\n\t<meta property=\"og:image:width\" content=\"850\" \/>\n\t<meta property=\"og:image:height\" content=\"850\" \/>\n\t<meta property=\"og:image:type\" content=\"image\/png\" \/>\n<meta name=\"author\" content=\"VeganoYa\" \/>\n<meta name=\"twitter:card\" content=\"summary_large_image\" \/>\n<meta name=\"twitter:label1\" content=\"Escrito por\" \/>\n\t<meta name=\"twitter:data1\" content=\"VeganoYa\" \/>\n\t<meta name=\"twitter:label2\" content=\"Tiempo de lectura\" \/>\n\t<meta name=\"twitter:data2\" content=\"6 minutos\" \/>\n<script type=\"application\/ld+json\" class=\"yoast-schema-graph\">{\"@context\":\"https:\/\/schema.org\",\"@graph\":[{\"@type\":\"WebPage\",\"@id\":\"https:\/\/veganoya.com\/blog\/darse-de-baja-en-autonomos-de-forma-online\/\",\"url\":\"https:\/\/veganoya.com\/blog\/darse-de-baja-en-autonomos-de-forma-online\/\",\"name\":\"Darse de baja en aut\u00f3nomos de forma ONLINE - Recetas y Vida en Barcelona\",\"isPartOf\":{\"@id\":\"https:\/\/veganoya.com\/blog\/#website\"},\"datePublished\":\"2021-10-12T15:36:28+00:00\",\"dateModified\":\"2025-08-05T16:58:29+00:00\",\"author\":{\"@id\":\"https:\/\/veganoya.com\/blog\/#\/schema\/person\/92ccdca60e3cb584919f8d84334df6c1\"},\"description\":\"Hoy te explicamos como Darte de Baja en Aut\u00f3nomos sin la necesidad de contratar a ning\u00fan gestor, simple y desde tu casa en unos cu\u00e1ntos clicks esta hecho!\",\"breadcrumb\":{\"@id\":\"https:\/\/veganoya.com\/blog\/darse-de-baja-en-autonomos-de-forma-online\/#breadcrumb\"},\"inLanguage\":\"es\",\"potentialAction\":[{\"@type\":\"ReadAction\",\"target\":[\"https:\/\/veganoya.com\/blog\/darse-de-baja-en-autonomos-de-forma-online\/\"]}]},{\"@type\":\"BreadcrumbList\",\"@id\":\"https:\/\/veganoya.com\/blog\/darse-de-baja-en-autonomos-de-forma-online\/#breadcrumb\",\"itemListElement\":[{\"@type\":\"ListItem\",\"position\":1,\"name\":\"Portada\",\"item\":\"https:\/\/veganoya.com\/blog\/\"},{\"@type\":\"ListItem\",\"position\":2,\"name\":\"Darse de baja en aut\u00f3nomos de forma ONLINE\"}]},{\"@type\":\"WebSite\",\"@id\":\"https:\/\/veganoya.com\/blog\/#website\",\"url\":\"https:\/\/veganoya.com\/blog\/\",\"name\":\"Recetas y Vida en Barcelona\",\"description\":\"\",\"potentialAction\":[{\"@type\":\"SearchAction\",\"target\":{\"@type\":\"EntryPoint\",\"urlTemplate\":\"https:\/\/veganoya.com\/blog\/?s={search_term_string}\"},\"query-input\":\"required name=search_term_string\"}],\"inLanguage\":\"es\"},{\"@type\":\"Person\",\"@id\":\"https:\/\/veganoya.com\/blog\/#\/schema\/person\/92ccdca60e3cb584919f8d84334df6c1\",\"name\":\"VeganoYa\",\"image\":{\"@type\":\"ImageObject\",\"inLanguage\":\"es\",\"@id\":\"https:\/\/veganoya.com\/blog\/#\/schema\/person\/image\/\",\"url\":\"https:\/\/secure.gravatar.com\/avatar\/f0dc997295736e302da979464c279b6037c01fbb1a2a01d794aabe2a54a37cba?s=96&d=mm&r=g\",\"contentUrl\":\"https:\/\/secure.gravatar.com\/avatar\/f0dc997295736e302da979464c279b6037c01fbb1a2a01d794aabe2a54a37cba?s=96&d=mm&r=g\",\"caption\":\"VeganoYa\"}}]}<\/script>\n<!-- \/ Yoast SEO plugin. -->","yoast_head_json":{"title":"Darse de baja en aut\u00f3nomos de forma ONLINE - Recetas y Vida en Barcelona","description":"Hoy te explicamos como Darte de Baja en Aut\u00f3nomos sin la necesidad de contratar a ning\u00fan gestor, simple y desde tu casa en unos cu\u00e1ntos clicks esta hecho!","robots":{"index":"index","follow":"follow","max-snippet":"max-snippet:-1","max-image-preview":"max-image-preview:large","max-video-preview":"max-video-preview:-1"},"canonical":"https:\/\/veganoya.com\/blog\/darse-de-baja-en-autonomos-de-forma-online\/","og_locale":"es_ES","og_type":"article","og_title":"Darse de baja en aut\u00f3nomos de forma ONLINE - Recetas y Vida en Barcelona","og_description":"Hoy te explicamos como Darte de Baja en Aut\u00f3nomos sin la necesidad de contratar a ning\u00fan gestor, simple y desde tu casa en unos cu\u00e1ntos clicks esta hecho!","og_url":"https:\/\/veganoya.com\/blog\/darse-de-baja-en-autonomos-de-forma-online\/","og_site_name":"Recetas y Vida en Barcelona","article_published_time":"2021-10-12T15:36:28+00:00","article_modified_time":"2025-08-05T16:58:29+00:00","og_image":[{"width":850,"height":850,"url":"https:\/\/veganoya.com\/blog\/wp-content\/uploads\/2021\/10\/Working-bro-e1634052370716.png","type":"image\/png"}],"author":"VeganoYa","twitter_card":"summary_large_image","twitter_misc":{"Escrito por":"VeganoYa","Tiempo de lectura":"6 minutos"},"schema":{"@context":"https:\/\/schema.org","@graph":[{"@type":"WebPage","@id":"https:\/\/veganoya.com\/blog\/darse-de-baja-en-autonomos-de-forma-online\/","url":"https:\/\/veganoya.com\/blog\/darse-de-baja-en-autonomos-de-forma-online\/","name":"Darse de baja en aut\u00f3nomos de forma ONLINE - Recetas y Vida en Barcelona","isPartOf":{"@id":"https:\/\/veganoya.com\/blog\/#website"},"datePublished":"2021-10-12T15:36:28+00:00","dateModified":"2025-08-05T16:58:29+00:00","author":{"@id":"https:\/\/veganoya.com\/blog\/#\/schema\/person\/92ccdca60e3cb584919f8d84334df6c1"},"description":"Hoy te explicamos como Darte de Baja en Aut\u00f3nomos sin la necesidad de contratar a ning\u00fan gestor, simple y desde tu casa en unos cu\u00e1ntos clicks esta hecho!","breadcrumb":{"@id":"https:\/\/veganoya.com\/blog\/darse-de-baja-en-autonomos-de-forma-online\/#breadcrumb"},"inLanguage":"es","potentialAction":[{"@type":"ReadAction","target":["https:\/\/veganoya.com\/blog\/darse-de-baja-en-autonomos-de-forma-online\/"]}]},{"@type":"BreadcrumbList","@id":"https:\/\/veganoya.com\/blog\/darse-de-baja-en-autonomos-de-forma-online\/#breadcrumb","itemListElement":[{"@type":"ListItem","position":1,"name":"Portada","item":"https:\/\/veganoya.com\/blog\/"},{"@type":"ListItem","position":2,"name":"Darse de baja en aut\u00f3nomos de forma ONLINE"}]},{"@type":"WebSite","@id":"https:\/\/veganoya.com\/blog\/#website","url":"https:\/\/veganoya.com\/blog\/","name":"Recetas y Vida en Barcelona","description":"","potentialAction":[{"@type":"SearchAction","target":{"@type":"EntryPoint","urlTemplate":"https:\/\/veganoya.com\/blog\/?s={search_term_string}"},"query-input":"required name=search_term_string"}],"inLanguage":"es"},{"@type":"Person","@id":"https:\/\/veganoya.com\/blog\/#\/schema\/person\/92ccdca60e3cb584919f8d84334df6c1","name":"VeganoYa","image":{"@type":"ImageObject","inLanguage":"es","@id":"https:\/\/veganoya.com\/blog\/#\/schema\/person\/image\/","url":"https:\/\/secure.gravatar.com\/avatar\/f0dc997295736e302da979464c279b6037c01fbb1a2a01d794aabe2a54a37cba?s=96&d=mm&r=g","contentUrl":"https:\/\/secure.gravatar.com\/avatar\/f0dc997295736e302da979464c279b6037c01fbb1a2a01d794aabe2a54a37cba?s=96&d=mm&r=g","caption":"VeganoYa"}}]}},"_links":{"self":[{"href":"https:\/\/veganoya.com\/blog\/wp-json\/wp\/v2\/posts\/2034","targetHints":{"allow":["GET"]}}],"collection":[{"href":"https:\/\/veganoya.com\/blog\/wp-json\/wp\/v2\/posts"}],"about":[{"href":"https:\/\/veganoya.com\/blog\/wp-json\/wp\/v2\/types\/post"}],"author":[{"embeddable":true,"href":"https:\/\/veganoya.com\/blog\/wp-json\/wp\/v2\/users\/1"}],"replies":[{"embeddable":true,"href":"https:\/\/veganoya.com\/blog\/wp-json\/wp\/v2\/comments?post=2034"}],"version-history":[{"count":10,"href":"https:\/\/veganoya.com\/blog\/wp-json\/wp\/v2\/posts\/2034\/revisions"}],"predecessor-version":[{"id":3774,"href":"https:\/\/veganoya.com\/blog\/wp-json\/wp\/v2\/posts\/2034\/revisions\/3774"}],"wp:featuredmedia":[{"embeddable":true,"href":"https:\/\/veganoya.com\/blog\/wp-json\/wp\/v2\/media\/2572"}],"wp:attachment":[{"href":"https:\/\/veganoya.com\/blog\/wp-json\/wp\/v2\/media?parent=2034"}],"wp:term":[{"taxonomy":"category","embeddable":true,"href":"https:\/\/veganoya.com\/blog\/wp-json\/wp\/v2\/categories?post=2034"},{"taxonomy":"post_tag","embeddable":true,"href":"https:\/\/veganoya.com\/blog\/wp-json\/wp\/v2\/tags?post=2034"}],"curies":[{"name":"wp","href":"https:\/\/api.w.org\/{rel}","templated":true}]}}